{"id":1117,"date":"2026-04-30T10:04:44","date_gmt":"2026-04-30T10:04:44","guid":{"rendered":"https:\/\/gruene-selters.de\/?p=1117"},"modified":"2026-04-30T10:04:44","modified_gmt":"2026-04-30T10:04:44","slug":"politik-auf-der-strasse-1-mai","status":"publish","type":"post","link":"https:\/\/gruene-selters.de\/?p=1117","title":{"rendered":"Politik auf der Stra\u00dfe &#8211; 1.Mai"},"content":{"rendered":"\n<p>Die Gewerkschaften und die Katholische Arbeitnehmer-Bewegung (KAB) rufen am 1.Mai in Limburg zur DEMO auf. Die Regierung legt nicht nur die Axt bei den erneubaren Energien, sondern auch beim &#8222;Sozialstaat&#8220; an.<br>Die Umsetzung von lange versprochenen und immer wieder verschobenen Reformen sind bestimmt notwendig; \u00fcber Gerechtigkeit, Zukunftsf\u00e4higkeit und soziale Ausgewogenheit sollte intensiver geredet werden. Die derzeitigen Vorschl\u00e4ge werden den Anforderungen nicht gerecht.<br><br>Mitmachen kann informativ, aber auch unterhaltsam sein und Spa\u00df machen.<\/p>\n\n\n\n<figure class=\"wp-block-image size-full\"><img loading=\"lazy\" decoding=\"async\" width=\"615\" height=\"857\" src=\"https:\/\/gruene-selters.de\/wp-content\/uploads\/2026\/04\/1.Mai-2026-Limburg-1.png\" alt=\"\" class=\"wp-image-1120\" srcset=\"https:\/\/gruene-selters.de\/wp-content\/uploads\/2026\/04\/1.Mai-2026-Limburg-1.png 615w, https:\/\/gruene-selters.de\/wp-content\/uploads\/2026\/04\/1.Mai-2026-Limburg-1-400x557.png 400w\" sizes=\"auto, (max-width: 615px) 100vw, 615px\" \/><\/figure>\n","protected":false},"excerpt":{"rendered":"<p>Die Gewerkschaften und die Katholische Arbeitnehmer-Bewegung (KAB) rufen am 1.Mai in Limburg zur DEMO auf. Die Regierung legt nicht nur die Axt bei den erneubaren Energien, sondern auch beim &#8222;Sozialstaat&#8220; [&hellip;]<\/p>\n","protected":false},"author":-1,"featured_media":1122,"comment_status":"closed","ping_status":"open","sticky":false,"template":"","format":"standard","meta":{"footnotes":""},"categories":[2],"tags":[27,48],"class_list":["post-1117","post","type-post","status-publish","format-standard","has-post-thumbnail","hentry","category-veranstaltungen","tag-buergerbeteiligung","tag-mitbestimmung"],"_links":{"self":[{"href":"https:\/\/gruene-selters.de\/index.php?rest_route=\/wp\/v2\/posts\/1117","targetHints":{"allow":["GET"]}}],"collection":[{"href":"https:\/\/gruene-selters.de\/index.php?rest_route=\/wp\/v2\/posts"}],"about":[{"href":"https:\/\/gruene-selters.de\/index.php?rest_route=\/wp\/v2\/types\/post"}],"author":[{"embeddable":true,"href":"https:\/\/gruene-selters.de\/index.php?rest_route=\/wp\/v2\/users\/6"}],"replies":[{"embeddable":true,"href":"https:\/\/gruene-selters.de\/index.php?rest_route=%2Fwp%2Fv2%2Fcomments&post=1117"}],"version-history":[{"count":3,"href":"https:\/\/gruene-selters.de\/index.php?rest_route=\/wp\/v2\/posts\/1117\/revisions"}],"predecessor-version":[{"id":1124,"href":"https:\/\/gruene-selters.de\/index.php?rest_route=\/wp\/v2\/posts\/1117\/revisions\/1124"}],"wp:featuredmedia":[{"embeddable":true,"href":"https:\/\/gruene-selters.de\/index.php?rest_route=\/wp\/v2\/media\/1122"}],"wp:attachment":[{"href":"https:\/\/gruene-selters.de\/index.php?rest_route=%2Fwp%2Fv2%2Fmedia&parent=1117"}],"wp:term":[{"taxonomy":"category","embeddable":true,"href":"https:\/\/gruene-selters.de\/index.php?rest_route=%2Fwp%2Fv2%2Fcategories&post=1117"},{"taxonomy":"post_tag","embeddable":true,"href":"https:\/\/gruene-selters.de\/index.php?rest_route=%2Fwp%2Fv2%2Ftags&post=1117"}],"curies":[{"name":"wp","href":"https:\/\/api.w.org\/{rel}","templated":true}]}}