{"id":1085,"date":"2026-04-29T08:43:13","date_gmt":"2026-04-29T08:43:13","guid":{"rendered":"https:\/\/gruene-selters.de\/?p=1085"},"modified":"2026-04-29T08:43:14","modified_gmt":"2026-04-29T08:43:14","slug":"neue-gremien-gemeindevorstand","status":"publish","type":"post","link":"https:\/\/gruene-selters.de\/?p=1085","title":{"rendered":"Neue Gremien | Gemeindevorstand"},"content":{"rendered":"\n<figure class=\"wp-block-image size-large is-resized\"><img loading=\"lazy\" decoding=\"async\" width=\"800\" height=\"787\" src=\"https:\/\/gruene-selters.de\/wp-content\/uploads\/2026\/04\/20260427_201746_geschnitten-3-800x787.jpg\" alt=\"\" class=\"wp-image-1100\" style=\"aspect-ratio:1.0165173558733465;width:221px;height:auto\" srcset=\"https:\/\/gruene-selters.de\/wp-content\/uploads\/2026\/04\/20260427_201746_geschnitten-3-800x787.jpg 800w, https:\/\/gruene-selters.de\/wp-content\/uploads\/2026\/04\/20260427_201746_geschnitten-3-400x393.jpg 400w, https:\/\/gruene-selters.de\/wp-content\/uploads\/2026\/04\/20260427_201746_geschnitten-3-768x755.jpg 768w, https:\/\/gruene-selters.de\/wp-content\/uploads\/2026\/04\/20260427_201746_geschnitten-3.jpg 1213w\" sizes=\"auto, (max-width: 800px) 100vw, 800px\" \/><\/figure>\n\n\n\n<p>Die konstituierende Sitzung der Gemeindevertretung hat stattgefunden und wesentliche Entscheidungen sind getroffen. Die Wahl der Beigeordneten bringt noch einige Ver\u00e4nderungen in die Besetzung der Gemeindevertretung, da einige Mitglieder aus der Gemeindevertretung zur\u00fccktreten mussten, um das neue Amt im Gemeindevorstand annehmen zu k\u00f6nnen. <br>F\u00fcr uns, hat dies Ursula Bausenwein getan.<br>Ursula ist unsere starke Frau im Vorstand, steht aber leider nicht mehr f\u00fcr die Gemeindevertretung zur Verf\u00fcgung. Alexandra Knau aus Haintchen, die dort bereits Ortsbeiratsmitglied ist, wird nachr\u00fccken.<br>Immerhin gibt es jetzt 2 Frauen in dem 9-k\u00f6pfigen Gemeindevorstand.<br>Die Presse berichtet heute begeistert \u00fcber den gut koordinierten und harmonischen Start.<br>Nach einigen schwierigen Jahren soll es einen Neuanfang in Selters geben.<br>Die sehr schwierige Situation der Gemeinde und die Vielfalt der Fraktionen birgt Herausforderungen die aber sachlich,  zielorientiert und zum Wohle der Gemeinde bew\u00e4ltigt werden sollen.<\/p>\n\n\n\n<p>Wir werden unseren Beitrag daf\u00fcr leisten.<\/p>\n","protected":false},"excerpt":{"rendered":"<p>Die konstituierende Sitzung der Gemeindevertretung hat stattgefunden und wesentliche Entscheidungen sind getroffen. Die Wahl der Beigeordneten bringt noch einige Ver\u00e4nderungen in die Besetzung der Gemeindevertretung, da einige Mitglieder aus der [&hellip;]<\/p>\n","protected":false},"author":-1,"featured_media":1112,"comment_status":"closed","ping_status":"open","sticky":false,"template":"","format":"standard","meta":{"footnotes":""},"categories":[6],"tags":[31,10,30],"class_list":["post-1085","post","type-post","status-publish","format-standard","has-post-thumbnail","hentry","category-mitteilungen","tag-kommunalwahl","tag-selters","tag-wahl"],"_links":{"self":[{"href":"https:\/\/gruene-selters.de\/index.php?rest_route=\/wp\/v2\/posts\/1085","targetHints":{"allow":["GET"]}}],"collection":[{"href":"https:\/\/gruene-selters.de\/index.php?rest_route=\/wp\/v2\/posts"}],"about":[{"href":"https:\/\/gruene-selters.de\/index.php?rest_route=\/wp\/v2\/types\/post"}],"author":[{"embeddable":true,"href":"https:\/\/gruene-selters.de\/index.php?rest_route=\/wp\/v2\/users\/6"}],"replies":[{"embeddable":true,"href":"https:\/\/gruene-selters.de\/index.php?rest_route=%2Fwp%2Fv2%2Fcomments&post=1085"}],"version-history":[{"count":7,"href":"https:\/\/gruene-selters.de\/index.php?rest_route=\/wp\/v2\/posts\/1085\/revisions"}],"predecessor-version":[{"id":1115,"href":"https:\/\/gruene-selters.de\/index.php?rest_route=\/wp\/v2\/posts\/1085\/revisions\/1115"}],"wp:featuredmedia":[{"embeddable":true,"href":"https:\/\/gruene-selters.de\/index.php?rest_route=\/wp\/v2\/media\/1112"}],"wp:attachment":[{"href":"https:\/\/gruene-selters.de\/index.php?rest_route=%2Fwp%2Fv2%2Fmedia&parent=1085"}],"wp:term":[{"taxonomy":"category","embeddable":true,"href":"https:\/\/gruene-selters.de\/index.php?rest_route=%2Fwp%2Fv2%2Fcategories&post=1085"},{"taxonomy":"post_tag","embeddable":true,"href":"https:\/\/gruene-selters.de\/index.php?rest_route=%2Fwp%2Fv2%2Ftags&post=1085"}],"curies":[{"name":"wp","href":"https:\/\/api.w.org\/{rel}","templated":true}]}}