{"id":1083,"date":"2026-04-28T06:41:36","date_gmt":"2026-04-28T06:41:36","guid":{"rendered":"https:\/\/gruene-selters.de\/?p=1083"},"modified":"2026-04-28T21:45:10","modified_gmt":"2026-04-28T21:45:10","slug":"__trashed","status":"publish","type":"post","link":"https:\/\/gruene-selters.de\/?p=1083","title":{"rendered":"ATOMKRAFT -echt jetzt- immer noch nichts gelernt?"},"content":{"rendered":"\n<p>Anl\u00e4sslich des 40-zigsten Jahrestages der Nuklearkatastrophe von Tschernobyl gibt es in allen Medien vielf\u00e4llige M\u00f6glichkeiten sich \u00fcber die Risiken der Kernkraft zu informieren. Auch werden Erinnerungen an die weltweiten gesundheitlichen Folgen geweckt, und nochmals deutlich gemacht, dass es auch in Deutschland immer noch Lebensmittel mit erheblicher Strahlenbelastung gibt. Wenn man sich Halbwertszeiten und negativen Eigenschaften der verschiedenen Strahlungen bewusst macht, ist dies kein Wunder; auch wenn dies meist die Vorstellungskraft \u00fcberfordert. Die Informationen \u00fcber die kleinen und gro\u00dfen Zwischenf\u00e4lle mit Austritten von radioaktiven Stoffen, sowie die Berichte \u00fcber die vielen Toten, gesundheitlich Gesch\u00e4digten, Erbgutsch\u00e4den und regionalen Anstiegen von Krebsleiden sollten aber eindeutige R\u00fcckschl\u00fcsse zur Gef\u00e4hrlichkeit liefern. Allein die St\u00f6rf\u00e4lle in Tschernobyl und Fukushima (2011) sollten Warnung genug sein. Aber der Mensch verdr\u00e4ngt und vergisst gerne. Kernkraft hat eine sehr lange Geschichte in unserem Land. <br>In die Entwicklung, Umsetzung und Entsorgungsfragen wurden sehr viele Steuergelder investiert, was gerne vergessen und nicht in die Energiekosten eingerechnet wird. Obwohl seit 1961 Atomstrom in Deutschland erzeugt wird, konnte in dieser Zeit kein Endlager f\u00fcr den verstrahlten M\u00fcll gefunden werden. Der Beschluss in 2011 aufgrund der Ereignisse in Fukushima aus der riskanten Kernkraft auszusteigen, hat zwar den Ausstieg beschleunigt, nicht aber die Endlagersuche. Das Zieljahr 2031 zur Festlegung der \u201eEndlagerung\u201c wird aktuell als zu ambitioniert gesehen und eine Fertigstellung f\u00fcr 2074 in Aussicht gestellt.<\/p>\n\n\n\n<p>Zwischenzeitlich gibt es Meldungen, dass \u201eZwischenlager\u201c (marodes Atomm\u00fclllager Asse) aufgrund auftretender Probleme umgelagert werden sollten, was aber auch nicht schnell geht.<\/p>\n\n\n\n<p>Dem radioaktiven M\u00fcll ist es egal, der strahlt noch Jahrzehnte.<\/p>\n\n\n\n<p>Die Kosten werden wohl aus Steuermitteln bestritten werden, aber den Strompreis nicht belasten.<\/p>\n\n\n\n<p>Danke<\/p>\n\n\n\n<p>Und jetzt kommen Experten und sagen \u2013 weiter so- !<\/p>\n\n\n\n<p>Ich stelle mir vor, dass \u00fcberall wo Windkraftanlagen keine Akzeptanz finden, zuk\u00fcnftig Kleinraktoren (Small Modular Reactor) zur Energieversorgung aufgestellt werden und verursachergerecht die radioaktiven Abf\u00e4lle auch in diesen Regionen eingelagert werden. Je nach Lagerort, k\u00f6nnte man dort auch noch CO2 einlagern (Carbon Capture and Storage), anstatt dieses zu Vermeiden.<\/p>\n\n\n\n<p>Wer denkt sich solche Konzepte aus?<\/p>\n\n\n\n<p>Scheint dort keine Sonne und weht dort kein Wind ?<\/p>\n\n\n\n<p>Sind es vielleicht die gleichen die sich auch nicht f\u00fcr Energieeffizienz einsetzen, und F\u00f6rderma\u00dfnahmen zur Beschleunigung der Energiewende zusammenstreichen?<\/p>\n\n\n\n<figure class=\"wp-block-image size-full\"><img loading=\"lazy\" decoding=\"async\" width=\"496\" height=\"331\" src=\"https:\/\/gruene-selters.de\/wp-content\/uploads\/2026\/04\/Grafik_Restrisiko-1.jpg\" alt=\"\" class=\"wp-image-1109\" srcset=\"https:\/\/gruene-selters.de\/wp-content\/uploads\/2026\/04\/Grafik_Restrisiko-1.jpg 496w, https:\/\/gruene-selters.de\/wp-content\/uploads\/2026\/04\/Grafik_Restrisiko-1-400x267.jpg 400w\" sizes=\"auto, (max-width: 496px) 100vw, 496px\" \/><\/figure>\n\n\n\n<p><\/p>\n","protected":false},"excerpt":{"rendered":"<p>Anl\u00e4sslich des 40-zigsten Jahrestages der Nuklearkatastrophe von Tschernobyl gibt es in allen Medien vielf\u00e4llige M\u00f6glichkeiten sich \u00fcber die Risiken der Kernkraft zu informieren. Auch werden Erinnerungen an die weltweiten gesundheitlichen [&hellip;]<\/p>\n","protected":false},"author":-1,"featured_media":1092,"comment_status":"closed","ping_status":"open","sticky":false,"template":"","format":"standard","meta":{"footnotes":""},"categories":[38],"tags":[46,41,40,47,45],"class_list":["post-1083","post","type-post","status-publish","format-standard","has-post-thumbnail","hentry","category-meinung","tag-atomkraft","tag-energiewende","tag-erneuerbare-energien","tag-kernenergie","tag-meinung"],"_links":{"self":[{"href":"https:\/\/gruene-selters.de\/index.php?rest_route=\/wp\/v2\/posts\/1083","targetHints":{"allow":["GET"]}}],"collection":[{"href":"https:\/\/gruene-selters.de\/index.php?rest_route=\/wp\/v2\/posts"}],"about":[{"href":"https:\/\/gruene-selters.de\/index.php?rest_route=\/wp\/v2\/types\/post"}],"author":[{"embeddable":true,"href":"https:\/\/gruene-selters.de\/index.php?rest_route=\/wp\/v2\/users\/6"}],"replies":[{"embeddable":true,"href":"https:\/\/gruene-selters.de\/index.php?rest_route=%2Fwp%2Fv2%2Fcomments&post=1083"}],"version-history":[{"count":6,"href":"https:\/\/gruene-selters.de\/index.php?rest_route=\/wp\/v2\/posts\/1083\/revisions"}],"predecessor-version":[{"id":1111,"href":"https:\/\/gruene-selters.de\/index.php?rest_route=\/wp\/v2\/posts\/1083\/revisions\/1111"}],"wp:featuredmedia":[{"embeddable":true,"href":"https:\/\/gruene-selters.de\/index.php?rest_route=\/wp\/v2\/media\/1092"}],"wp:attachment":[{"href":"https:\/\/gruene-selters.de\/index.php?rest_route=%2Fwp%2Fv2%2Fmedia&parent=1083"}],"wp:term":[{"taxonomy":"category","embeddable":true,"href":"https:\/\/gruene-selters.de\/index.php?rest_route=%2Fwp%2Fv2%2Fcategories&post=1083"},{"taxonomy":"post_tag","embeddable":true,"href":"https:\/\/gruene-selters.de\/index.php?rest_route=%2Fwp%2Fv2%2Ftags&post=1083"}],"curies":[{"name":"wp","href":"https:\/\/api.w.org\/{rel}","templated":true}]}}